{"id":3756,"date":"2022-09-16T11:13:31","date_gmt":"2022-09-16T09:13:31","guid":{"rendered":"https:\/\/www.slovenciposvetu.eu\/?p=3756"},"modified":"2022-09-16T14:28:52","modified_gmt":"2022-09-16T12:28:52","slug":"novo-drustvo-v-monthermeju","status":"publish","type":"post","link":"https:\/\/www.slovenciposvetu.eu\/sl\/2022\/09\/16\/novo-drustvo-v-monthermeju\/","title":{"rendered":"Novo dru\u0161tvo v Montherm\u00e9ju"},"content":{"rendered":"\t\t<div data-elementor-type=\"wp-post\" data-elementor-id=\"3756\" class=\"elementor elementor-3756 elementor-3755\">\n\t\t\t\t\t\t\t\t\t<section class=\"elementor-section elementor-top-section elementor-element elementor-element-455b4e0 elementor-section-boxed elementor-section-height-default elementor-section-height-default\" data-id=\"455b4e0\" data-element_type=\"section\">\n\t\t\t\t\t\t<div class=\"elementor-container elementor-column-gap-default\">\n\t\t\t\t\t<div class=\"elementor-column elementor-col-100 elementor-top-column elementor-element elementor-element-574cde3\" data-id=\"574cde3\" data-element_type=\"column\">\n\t\t\t<div class=\"elementor-widget-wrap elementor-element-populated\">\n\t\t\t\t\t\t\t\t<div class=\"elementor-element elementor-element-9c2ed10 elementor-widget elementor-widget-heading\" data-id=\"9c2ed10\" data-element_type=\"widget\" data-widget_type=\"heading.default\">\n\t\t\t\t<div class=\"elementor-widget-container\">\n\t\t\t<style>\/*! elementor - v3.10.2 - 29-01-2023 *\/\n.elementor-heading-title{padding:0;margin:0;line-height:1}.elementor-widget-heading .elementor-heading-title[class*=elementor-size-]>a{color:inherit;font-size:inherit;line-height:inherit}.elementor-widget-heading .elementor-heading-title.elementor-size-small{font-size:15px}.elementor-widget-heading .elementor-heading-title.elementor-size-medium{font-size:19px}.elementor-widget-heading .elementor-heading-title.elementor-size-large{font-size:29px}.elementor-widget-heading .elementor-heading-title.elementor-size-xl{font-size:39px}.elementor-widget-heading .elementor-heading-title.elementor-size-xxl{font-size:59px}<\/style><h2 class=\"elementor-heading-title elementor-size-default\">V Montherm\u00e9ju, v francoskih Ardenih, je preteklega 18. junija uradno za\u017eivelo novo dru\u0161tvo Zveze slovenskih izseljencev iz Furlanije Julijske krajine, to je dru\u0161tvo Charleville-M\u00e9zi\u00e8res. Obojestranska navezanost in prijateljske vezi z na\u0161imi rojaki in njihovimi potomci v Franciji so od nekdaj \u010dvrste, zato smo si za\u017eeleli, da bi na\u0161o prisotnost v tem delu Francije utrdili tudi organzacijsko. Tako je pri\u0161lo do ustanovitve dru\u0161tva \u201cSlovenci po svetu - Charleville-M\u00e9zi\u00e8res\u201d. Ta dogodek smo pospremili tudi s prikazom kulinari\u010dnih dobrot. Prisr\u010dna hvala gre novope\u010denemu predsedniku dru\u0161tva C\u00e9dricu Jagielskemu in seveda vsem \u010dlanom upravnega odbora novonastalega dru\u0161tva.<\/h2>\t\t<\/div>\n\t\t\t\t<\/div>\n\t\t\t\t\t<\/div>\n\t\t<\/div>\n\t\t\t\t\t\t\t<\/div>\n\t\t<\/section>\n\t\t\t\t<section class=\"elementor-section elementor-top-section elementor-element elementor-element-2182762 elementor-section-boxed elementor-section-height-default elementor-section-height-default\" data-id=\"2182762\" data-element_type=\"section\">\n\t\t\t\t\t\t<div class=\"elementor-container elementor-column-gap-default\">\n\t\t\t\t\t<div class=\"elementor-column elementor-col-33 elementor-top-column elementor-element elementor-element-bf844e1\" data-id=\"bf844e1\" data-element_type=\"column\">\n\t\t\t<div class=\"elementor-widget-wrap elementor-element-populated\">\n\t\t\t\t\t\t\t\t<div class=\"elementor-element elementor-element-cc3613e elementor-widget elementor-widget-spacer\" data-id=\"cc3613e\" data-element_type=\"widget\" data-widget_type=\"spacer.default\">\n\t\t\t\t<div class=\"elementor-widget-container\">\n\t\t\t<style>\/*! elementor - v3.10.2 - 29-01-2023 *\/\n.elementor-column .elementor-spacer-inner{height:var(--spacer-size)}.e-con{--container-widget-width:100%}.e-con-inner>.elementor-widget-spacer,.e-con>.elementor-widget-spacer{width:var(--container-widget-width,var(--spacer-size));--align-self:var(--container-widget-align-self,initial);--flex-shrink:0}.e-con-inner>.elementor-widget-spacer>.elementor-widget-container,.e-con-inner>.elementor-widget-spacer>.elementor-widget-container>.elementor-spacer,.e-con>.elementor-widget-spacer>.elementor-widget-container,.e-con>.elementor-widget-spacer>.elementor-widget-container>.elementor-spacer{height:100%}.e-con-inner>.elementor-widget-spacer>.elementor-widget-container>.elementor-spacer>.elementor-spacer-inner,.e-con>.elementor-widget-spacer>.elementor-widget-container>.elementor-spacer>.elementor-spacer-inner{height:var(--container-widget-height,var(--spacer-size))}<\/style>\t\t<div class=\"elementor-spacer\">\n\t\t\t<div class=\"elementor-spacer-inner\"><\/div>\n\t\t<\/div>\n\t\t\t\t<\/div>\n\t\t\t\t<\/div>\n\t\t\t\t<div class=\"elementor-element elementor-element-4a463d4 elementor-widget elementor-widget-spacer\" data-id=\"4a463d4\" data-element_type=\"widget\" data-widget_type=\"spacer.default\">\n\t\t\t\t<div class=\"elementor-widget-container\">\n\t\t\t\t\t<div class=\"elementor-spacer\">\n\t\t\t<div class=\"elementor-spacer-inner\"><\/div>\n\t\t<\/div>\n\t\t\t\t<\/div>\n\t\t\t\t<\/div>\n\t\t\t\t<div class=\"elementor-element elementor-element-c3d2fb5 elementor-widget elementor-widget-image\" data-id=\"c3d2fb5\" data-element_type=\"widget\" data-widget_type=\"image.default\">\n\t\t\t\t<div class=\"elementor-widget-container\">\n\t\t\t<style>\/*! elementor - v3.10.2 - 29-01-2023 *\/\n.elementor-widget-image{text-align:center}.elementor-widget-image a{display:inline-block}.elementor-widget-image a img[src$=\".svg\"]{width:48px}.elementor-widget-image img{vertical-align:middle;display:inline-block}<\/style>\t\t\t\t\t\t\t\t\t\t\t\t<img loading=\"lazy\" decoding=\"async\" width=\"1024\" height=\"768\" src=\"https:\/\/www.slovenciposvetu.eu\/wp-content\/uploads\/2022\/09\/IMG_0038-1024x768.jpeg\" class=\"attachment-large size-large wp-image-3739\" alt=\"\" srcset=\"https:\/\/www.slovenciposvetu.eu\/wp-content\/uploads\/2022\/09\/IMG_0038-1024x768.jpeg 1024w, https:\/\/www.slovenciposvetu.eu\/wp-content\/uploads\/2022\/09\/IMG_0038-300x225.jpeg 300w, https:\/\/www.slovenciposvetu.eu\/wp-content\/uploads\/2022\/09\/IMG_0038-768x576.jpeg 768w, https:\/\/www.slovenciposvetu.eu\/wp-content\/uploads\/2022\/09\/IMG_0038-1536x1152.jpeg 1536w, https:\/\/www.slovenciposvetu.eu\/wp-content\/uploads\/2022\/09\/IMG_0038.jpeg 2048w\" sizes=\"auto, (max-width: 1024px) 100vw, 1024px\" \/>\t\t\t\t\t\t\t\t\t\t\t\t\t\t\t<\/div>\n\t\t\t\t<\/div>\n\t\t\t\t<div class=\"elementor-element elementor-element-aeccb23 elementor-widget elementor-widget-spacer\" data-id=\"aeccb23\" data-element_type=\"widget\" data-widget_type=\"spacer.default\">\n\t\t\t\t<div class=\"elementor-widget-container\">\n\t\t\t\t\t<div class=\"elementor-spacer\">\n\t\t\t<div class=\"elementor-spacer-inner\"><\/div>\n\t\t<\/div>\n\t\t\t\t<\/div>\n\t\t\t\t<\/div>\n\t\t\t\t\t<\/div>\n\t\t<\/div>\n\t\t\t\t<div class=\"elementor-column elementor-col-33 elementor-top-column elementor-element elementor-element-8601669\" data-id=\"8601669\" data-element_type=\"column\">\n\t\t\t<div class=\"elementor-widget-wrap elementor-element-populated\">\n\t\t\t\t\t\t\t\t<div class=\"elementor-element elementor-element-d2ada29 elementor-widget elementor-widget-spacer\" data-id=\"d2ada29\" data-element_type=\"widget\" data-widget_type=\"spacer.default\">\n\t\t\t\t<div class=\"elementor-widget-container\">\n\t\t\t\t\t<div class=\"elementor-spacer\">\n\t\t\t<div class=\"elementor-spacer-inner\"><\/div>\n\t\t<\/div>\n\t\t\t\t<\/div>\n\t\t\t\t<\/div>\n\t\t\t\t<div class=\"elementor-element elementor-element-bf80f1d elementor-widget elementor-widget-spacer\" data-id=\"bf80f1d\" data-element_type=\"widget\" data-widget_type=\"spacer.default\">\n\t\t\t\t<div class=\"elementor-widget-container\">\n\t\t\t\t\t<div class=\"elementor-spacer\">\n\t\t\t<div class=\"elementor-spacer-inner\"><\/div>\n\t\t<\/div>\n\t\t\t\t<\/div>\n\t\t\t\t<\/div>\n\t\t\t\t<div class=\"elementor-element elementor-element-a7a5c30 elementor-widget elementor-widget-spacer\" data-id=\"a7a5c30\" data-element_type=\"widget\" data-widget_type=\"spacer.default\">\n\t\t\t\t<div class=\"elementor-widget-container\">\n\t\t\t\t\t<div class=\"elementor-spacer\">\n\t\t\t<div class=\"elementor-spacer-inner\"><\/div>\n\t\t<\/div>\n\t\t\t\t<\/div>\n\t\t\t\t<\/div>\n\t\t\t\t<div class=\"elementor-element elementor-element-3204d51 elementor-widget elementor-widget-image\" data-id=\"3204d51\" data-element_type=\"widget\" data-widget_type=\"image.default\">\n\t\t\t\t<div class=\"elementor-widget-container\">\n\t\t\t\t\t\t\t\t\t\t\t\t\t\t\t<img loading=\"lazy\" decoding=\"async\" width=\"1024\" height=\"768\" src=\"https:\/\/www.slovenciposvetu.eu\/wp-content\/uploads\/2022\/09\/IMG_0046-1024x768.jpeg\" class=\"attachment-large size-large wp-image-3742\" alt=\"\" srcset=\"https:\/\/www.slovenciposvetu.eu\/wp-content\/uploads\/2022\/09\/IMG_0046-1024x768.jpeg 1024w, https:\/\/www.slovenciposvetu.eu\/wp-content\/uploads\/2022\/09\/IMG_0046-300x225.jpeg 300w, https:\/\/www.slovenciposvetu.eu\/wp-content\/uploads\/2022\/09\/IMG_0046-768x576.jpeg 768w, https:\/\/www.slovenciposvetu.eu\/wp-content\/uploads\/2022\/09\/IMG_0046-1536x1152.jpeg 1536w, https:\/\/www.slovenciposvetu.eu\/wp-content\/uploads\/2022\/09\/IMG_0046.jpeg 2048w\" sizes=\"auto, (max-width: 1024px) 100vw, 1024px\" \/>\t\t\t\t\t\t\t\t\t\t\t\t\t\t\t<\/div>\n\t\t\t\t<\/div>\n\t\t\t\t<div class=\"elementor-element elementor-element-6e1ac0d elementor-widget elementor-widget-spacer\" data-id=\"6e1ac0d\" data-element_type=\"widget\" data-widget_type=\"spacer.default\">\n\t\t\t\t<div class=\"elementor-widget-container\">\n\t\t\t\t\t<div class=\"elementor-spacer\">\n\t\t\t<div class=\"elementor-spacer-inner\"><\/div>\n\t\t<\/div>\n\t\t\t\t<\/div>\n\t\t\t\t<\/div>\n\t\t\t\t<div class=\"elementor-element elementor-element-63af657 elementor-widget elementor-widget-spacer\" data-id=\"63af657\" data-element_type=\"widget\" data-widget_type=\"spacer.default\">\n\t\t\t\t<div class=\"elementor-widget-container\">\n\t\t\t\t\t<div class=\"elementor-spacer\">\n\t\t\t<div class=\"elementor-spacer-inner\"><\/div>\n\t\t<\/div>\n\t\t\t\t<\/div>\n\t\t\t\t<\/div>\n\t\t\t\t<div class=\"elementor-element elementor-element-168bf50 elementor-widget elementor-widget-spacer\" data-id=\"168bf50\" data-element_type=\"widget\" data-widget_type=\"spacer.default\">\n\t\t\t\t<div class=\"elementor-widget-container\">\n\t\t\t\t\t<div class=\"elementor-spacer\">\n\t\t\t<div class=\"elementor-spacer-inner\"><\/div>\n\t\t<\/div>\n\t\t\t\t<\/div>\n\t\t\t\t<\/div>\n\t\t\t\t\t<\/div>\n\t\t<\/div>\n\t\t\t\t<div class=\"elementor-column elementor-col-33 elementor-top-column elementor-element elementor-element-d1713de\" data-id=\"d1713de\" data-element_type=\"column\">\n\t\t\t<div class=\"elementor-widget-wrap elementor-element-populated\">\n\t\t\t\t\t\t\t\t<div class=\"elementor-element elementor-element-025967e elementor-widget elementor-widget-spacer\" data-id=\"025967e\" data-element_type=\"widget\" data-widget_type=\"spacer.default\">\n\t\t\t\t<div class=\"elementor-widget-container\">\n\t\t\t\t\t<div class=\"elementor-spacer\">\n\t\t\t<div class=\"elementor-spacer-inner\"><\/div>\n\t\t<\/div>\n\t\t\t\t<\/div>\n\t\t\t\t<\/div>\n\t\t\t\t<div class=\"elementor-element elementor-element-e16cf12 elementor-widget elementor-widget-spacer\" data-id=\"e16cf12\" data-element_type=\"widget\" data-widget_type=\"spacer.default\">\n\t\t\t\t<div class=\"elementor-widget-container\">\n\t\t\t\t\t<div class=\"elementor-spacer\">\n\t\t\t<div class=\"elementor-spacer-inner\"><\/div>\n\t\t<\/div>\n\t\t\t\t<\/div>\n\t\t\t\t<\/div>\n\t\t\t\t<div class=\"elementor-element elementor-element-5389772 elementor-widget elementor-widget-image\" data-id=\"5389772\" data-element_type=\"widget\" data-widget_type=\"image.default\">\n\t\t\t\t<div class=\"elementor-widget-container\">\n\t\t\t\t\t\t\t\t\t\t\t\t\t\t\t<img loading=\"lazy\" decoding=\"async\" width=\"1024\" height=\"768\" src=\"https:\/\/www.slovenciposvetu.eu\/wp-content\/uploads\/2022\/09\/PHOTO-2022-07-26-15-07-47-12.jpg\" class=\"attachment-large size-large wp-image-3745\" alt=\"\" srcset=\"https:\/\/www.slovenciposvetu.eu\/wp-content\/uploads\/2022\/09\/PHOTO-2022-07-26-15-07-47-12.jpg 1024w, https:\/\/www.slovenciposvetu.eu\/wp-content\/uploads\/2022\/09\/PHOTO-2022-07-26-15-07-47-12-300x225.jpg 300w, https:\/\/www.slovenciposvetu.eu\/wp-content\/uploads\/2022\/09\/PHOTO-2022-07-26-15-07-47-12-768x576.jpg 768w\" sizes=\"auto, (max-width: 1024px) 100vw, 1024px\" \/>\t\t\t\t\t\t\t\t\t\t\t\t\t\t\t<\/div>\n\t\t\t\t<\/div>\n\t\t\t\t<div class=\"elementor-element elementor-element-8a02191 elementor-widget elementor-widget-spacer\" data-id=\"8a02191\" data-element_type=\"widget\" data-widget_type=\"spacer.default\">\n\t\t\t\t<div class=\"elementor-widget-container\">\n\t\t\t\t\t<div class=\"elementor-spacer\">\n\t\t\t<div class=\"elementor-spacer-inner\"><\/div>\n\t\t<\/div>\n\t\t\t\t<\/div>\n\t\t\t\t<\/div>\n\t\t\t\t\t<\/div>\n\t\t<\/div>\n\t\t\t\t\t\t\t<\/div>\n\t\t<\/section>\n\t\t\t\t<section class=\"elementor-section elementor-top-section elementor-element elementor-element-f41b3c8 elementor-section-boxed elementor-section-height-default elementor-section-height-default\" data-id=\"f41b3c8\" data-element_type=\"section\">\n\t\t\t\t\t\t<div class=\"elementor-container elementor-column-gap-default\">\n\t\t\t\t\t<div class=\"elementor-column elementor-col-33 elementor-top-column elementor-element elementor-element-c6dd931\" data-id=\"c6dd931\" data-element_type=\"column\">\n\t\t\t<div class=\"elementor-widget-wrap elementor-element-populated\">\n\t\t\t\t\t\t\t\t<div class=\"elementor-element elementor-element-ba9ec26 elementor-widget elementor-widget-spacer\" data-id=\"ba9ec26\" data-element_type=\"widget\" data-widget_type=\"spacer.default\">\n\t\t\t\t<div class=\"elementor-widget-container\">\n\t\t\t\t\t<div class=\"elementor-spacer\">\n\t\t\t<div class=\"elementor-spacer-inner\"><\/div>\n\t\t<\/div>\n\t\t\t\t<\/div>\n\t\t\t\t<\/div>\n\t\t\t\t<div class=\"elementor-element elementor-element-088bb5a elementor-widget elementor-widget-spacer\" data-id=\"088bb5a\" data-element_type=\"widget\" data-widget_type=\"spacer.default\">\n\t\t\t\t<div class=\"elementor-widget-container\">\n\t\t\t\t\t<div class=\"elementor-spacer\">\n\t\t\t<div class=\"elementor-spacer-inner\"><\/div>\n\t\t<\/div>\n\t\t\t\t<\/div>\n\t\t\t\t<\/div>\n\t\t\t\t<div class=\"elementor-element elementor-element-91542ce elementor-widget elementor-widget-image\" data-id=\"91542ce\" data-element_type=\"widget\" data-widget_type=\"image.default\">\n\t\t\t\t<div class=\"elementor-widget-container\">\n\t\t\t\t\t\t\t\t\t\t\t\t\t\t\t<img loading=\"lazy\" decoding=\"async\" width=\"1024\" height=\"768\" src=\"https:\/\/www.slovenciposvetu.eu\/wp-content\/uploads\/2022\/09\/IMG_0069-1024x768.jpeg\" class=\"attachment-large size-large wp-image-3761\" alt=\"\" srcset=\"https:\/\/www.slovenciposvetu.eu\/wp-content\/uploads\/2022\/09\/IMG_0069-1024x768.jpeg 1024w, https:\/\/www.slovenciposvetu.eu\/wp-content\/uploads\/2022\/09\/IMG_0069-300x225.jpeg 300w, https:\/\/www.slovenciposvetu.eu\/wp-content\/uploads\/2022\/09\/IMG_0069-768x576.jpeg 768w, https:\/\/www.slovenciposvetu.eu\/wp-content\/uploads\/2022\/09\/IMG_0069-1536x1152.jpeg 1536w, https:\/\/www.slovenciposvetu.eu\/wp-content\/uploads\/2022\/09\/IMG_0069.jpeg 2048w\" sizes=\"auto, (max-width: 1024px) 100vw, 1024px\" \/>\t\t\t\t\t\t\t\t\t\t\t\t\t\t\t<\/div>\n\t\t\t\t<\/div>\n\t\t\t\t\t<\/div>\n\t\t<\/div>\n\t\t\t\t<div class=\"elementor-column elementor-col-33 elementor-top-column elementor-element elementor-element-0f362f6\" data-id=\"0f362f6\" data-element_type=\"column\">\n\t\t\t<div class=\"elementor-widget-wrap elementor-element-populated\">\n\t\t\t\t\t\t\t\t<div class=\"elementor-element elementor-element-e0da951 elementor-widget elementor-widget-spacer\" data-id=\"e0da951\" data-element_type=\"widget\" data-widget_type=\"spacer.default\">\n\t\t\t\t<div class=\"elementor-widget-container\">\n\t\t\t\t\t<div class=\"elementor-spacer\">\n\t\t\t<div class=\"elementor-spacer-inner\"><\/div>\n\t\t<\/div>\n\t\t\t\t<\/div>\n\t\t\t\t<\/div>\n\t\t\t\t<div class=\"elementor-element elementor-element-05a56b4 elementor-widget elementor-widget-image\" data-id=\"05a56b4\" data-element_type=\"widget\" data-widget_type=\"image.default\">\n\t\t\t\t<div class=\"elementor-widget-container\">\n\t\t\t\t\t\t\t\t\t\t\t\t\t\t\t<img loading=\"lazy\" decoding=\"async\" width=\"1024\" height=\"768\" src=\"https:\/\/www.slovenciposvetu.eu\/wp-content\/uploads\/2022\/09\/IMG_0079-1024x768.jpeg\" class=\"attachment-large size-large wp-image-3764\" alt=\"\" srcset=\"https:\/\/www.slovenciposvetu.eu\/wp-content\/uploads\/2022\/09\/IMG_0079-1024x768.jpeg 1024w, https:\/\/www.slovenciposvetu.eu\/wp-content\/uploads\/2022\/09\/IMG_0079-300x225.jpeg 300w, https:\/\/www.slovenciposvetu.eu\/wp-content\/uploads\/2022\/09\/IMG_0079-768x576.jpeg 768w, https:\/\/www.slovenciposvetu.eu\/wp-content\/uploads\/2022\/09\/IMG_0079-1536x1152.jpeg 1536w, https:\/\/www.slovenciposvetu.eu\/wp-content\/uploads\/2022\/09\/IMG_0079.jpeg 2048w\" sizes=\"auto, (max-width: 1024px) 100vw, 1024px\" \/>\t\t\t\t\t\t\t\t\t\t\t\t\t\t\t<\/div>\n\t\t\t\t<\/div>\n\t\t\t\t<div class=\"elementor-element elementor-element-f30a4e3 elementor-widget elementor-widget-spacer\" data-id=\"f30a4e3\" data-element_type=\"widget\" data-widget_type=\"spacer.default\">\n\t\t\t\t<div class=\"elementor-widget-container\">\n\t\t\t\t\t<div class=\"elementor-spacer\">\n\t\t\t<div class=\"elementor-spacer-inner\"><\/div>\n\t\t<\/div>\n\t\t\t\t<\/div>\n\t\t\t\t<\/div>\n\t\t\t\t\t<\/div>\n\t\t<\/div>\n\t\t\t\t<div class=\"elementor-column elementor-col-33 elementor-top-column elementor-element elementor-element-ba0c72b\" data-id=\"ba0c72b\" data-element_type=\"column\">\n\t\t\t<div class=\"elementor-widget-wrap elementor-element-populated\">\n\t\t\t\t\t\t\t\t<div class=\"elementor-element elementor-element-faa028e elementor-widget elementor-widget-spacer\" data-id=\"faa028e\" data-element_type=\"widget\" data-widget_type=\"spacer.default\">\n\t\t\t\t<div class=\"elementor-widget-container\">\n\t\t\t\t\t<div class=\"elementor-spacer\">\n\t\t\t<div class=\"elementor-spacer-inner\"><\/div>\n\t\t<\/div>\n\t\t\t\t<\/div>\n\t\t\t\t<\/div>\n\t\t\t\t<div class=\"elementor-element elementor-element-0b61ed0 elementor-widget elementor-widget-image\" data-id=\"0b61ed0\" data-element_type=\"widget\" data-widget_type=\"image.default\">\n\t\t\t\t<div class=\"elementor-widget-container\">\n\t\t\t\t\t\t\t\t\t\t\t\t\t\t\t<img loading=\"lazy\" decoding=\"async\" width=\"768\" height=\"1024\" src=\"https:\/\/www.slovenciposvetu.eu\/wp-content\/uploads\/2022\/09\/IMG_6420-768x1024.jpg\" class=\"attachment-large size-large wp-image-3767\" alt=\"\" srcset=\"https:\/\/www.slovenciposvetu.eu\/wp-content\/uploads\/2022\/09\/IMG_6420-768x1024.jpg 768w, https:\/\/www.slovenciposvetu.eu\/wp-content\/uploads\/2022\/09\/IMG_6420-225x300.jpg 225w, https:\/\/www.slovenciposvetu.eu\/wp-content\/uploads\/2022\/09\/IMG_6420-1152x1536.jpg 1152w, https:\/\/www.slovenciposvetu.eu\/wp-content\/uploads\/2022\/09\/IMG_6420-1536x2048.jpg 1536w, https:\/\/www.slovenciposvetu.eu\/wp-content\/uploads\/2022\/09\/IMG_6420-scaled.jpg 1920w\" sizes=\"auto, (max-width: 768px) 100vw, 768px\" \/>\t\t\t\t\t\t\t\t\t\t\t\t\t\t\t<\/div>\n\t\t\t\t<\/div>\n\t\t\t\t\t<\/div>\n\t\t<\/div>\n\t\t\t\t\t\t\t<\/div>\n\t\t<\/section>\n\t\t\t\t\t\t\t<\/div>\n\t\t","protected":false},"excerpt":{"rendered":"<p>V Montherm\u00e9ju, v francoskih Ardenih, je preteklega 18. junija uradno za\u017eivelo novo dru\u0161tvo Zveze slovenskih izseljencev iz Furlanije Julijske krajine, to je dru\u0161tvo Charleville-M\u00e9zi\u00e8res. Obojestranska navezanost in prijateljske vezi z na\u0161imi rojaki in njihovimi potomci v Franciji so od nekdaj \u010dvrste, zato smo si za\u017eeleli, da bi na\u0161o prisotnost v tem delu Francije utrdili tudi organzacijsko. Tako je pri\u0161lo do ustanovitve dru\u0161tva \u201cSlovenci po svetu &#8211; Charleville-M\u00e9zi\u00e8res\u201d. Ta dogodek smo pospremili tudi s prikazom kulinari\u010dnih dobrot.<br \/>\nPrisr\u010dna hvala gre novope\u010denemu predsedniku dru\u0161tva C\u00e9dricu Jagielskemu in seveda vsem \u010dlanom upravnega odbora novonastalega dru\u0161tva.<\/p>\n","protected":false},"author":2,"featured_media":0,"comment_status":"closed","ping_status":"closed","sticky":false,"template":"","format":"standard","meta":{"footnotes":""},"categories":[44],"tags":[],"class_list":["post-3756","post","type-post","status-publish","format-standard","hentry","category-news"],"yoast_head":"<!-- This site is optimized with the Yoast SEO plugin v27.4 - https:\/\/yoast.com\/product\/yoast-seo-wordpress\/ -->\n<title>Novo dru\u0161tvo v Montherm\u00e9ju - Slovenciposvetu<\/title>\n<meta name=\"description\" content=\"V Montherm\u00e9ju, v francoskih Ardenih, je preteklega 18. junija uradno za\u017eivelo novo dru\u0161tvo Zveze slovenskih izseljencev iz Furlanije Julijske krajine, to je dru\u0161tvo Charleville-M\u00e9zi\u00e8res. Obojestranska navezanost in prijateljske vezi z na\u0161imi rojaki in njihovimi potomci v Franciji so od nekdaj \u010dvrste, zato smo si za\u017eeleli, da bi na\u0161o prisotnost v tem delu Francije utrdili tudi organzacijsko. Tako je pri\u0161lo do ustanovitve dru\u0161tva \u201cSlovenci po svetu - Charleville-M\u00e9zi\u00e8res\u201d. Ta dogodek smo pospremili tudi s prikazom kulinari\u010dnih dobrot. Prisr\u010dna hvala gre novope\u010denemu predsedniku dru\u0161tva C\u00e9dricu Jagielskemu in seveda vsem \u010dlanom upravnega odbora novonastalega dru\u0161tva.\" \/>\n<meta name=\"robots\" content=\"index, follow, max-snippet:-1, max-image-preview:large, max-video-preview:-1\" \/>\n<link rel=\"canonical\" href=\"https:\/\/www.slovenciposvetu.eu\/sl\/2022\/09\/16\/novo-drustvo-v-monthermeju\/\" \/>\n<meta property=\"og:locale\" content=\"sl_SI\" \/>\n<meta property=\"og:type\" content=\"article\" \/>\n<meta property=\"og:title\" content=\"Novo dru\u0161tvo v Montherm\u00e9ju - Slovenciposvetu\" \/>\n<meta property=\"og:description\" content=\"V Montherm\u00e9ju, v francoskih Ardenih, je preteklega 18. junija uradno za\u017eivelo novo dru\u0161tvo Zveze slovenskih izseljencev iz Furlanije Julijske krajine, to je dru\u0161tvo Charleville-M\u00e9zi\u00e8res. Obojestranska navezanost in prijateljske vezi z na\u0161imi rojaki in njihovimi potomci v Franciji so od nekdaj \u010dvrste, zato smo si za\u017eeleli, da bi na\u0161o prisotnost v tem delu Francije utrdili tudi organzacijsko. Tako je pri\u0161lo do ustanovitve dru\u0161tva \u201cSlovenci po svetu - Charleville-M\u00e9zi\u00e8res\u201d. Ta dogodek smo pospremili tudi s prikazom kulinari\u010dnih dobrot. Prisr\u010dna hvala gre novope\u010denemu predsedniku dru\u0161tva C\u00e9dricu Jagielskemu in seveda vsem \u010dlanom upravnega odbora novonastalega dru\u0161tva.\" \/>\n<meta property=\"og:url\" content=\"https:\/\/www.slovenciposvetu.eu\/sl\/2022\/09\/16\/novo-drustvo-v-monthermeju\/\" \/>\n<meta property=\"og:site_name\" content=\"Slovenciposvetu\" \/>\n<meta property=\"article:published_time\" content=\"2022-09-16T09:13:31+00:00\" \/>\n<meta property=\"article:modified_time\" content=\"2022-09-16T12:28:52+00:00\" \/>\n<meta property=\"og:image\" content=\"https:\/\/www.slovenciposvetu.eu\/wp-content\/uploads\/2022\/09\/IMG_0038-1024x768.jpeg\" \/>\n<meta name=\"author\" content=\"tajnistvo\" \/>\n<meta name=\"twitter:card\" content=\"summary_large_image\" \/>\n<meta name=\"twitter:label1\" content=\"Written by\" \/>\n\t<meta name=\"twitter:data1\" content=\"tajnistvo\" \/>\n\t<meta name=\"twitter:label2\" content=\"Est. reading time\" \/>\n\t<meta name=\"twitter:data2\" content=\"1 minute\" \/>\n<script type=\"application\/ld+json\" class=\"yoast-schema-graph\">{\"@context\":\"https:\\\/\\\/schema.org\",\"@graph\":[{\"@type\":\"Article\",\"@id\":\"https:\\\/\\\/www.slovenciposvetu.eu\\\/sl\\\/2022\\\/09\\\/16\\\/novo-drustvo-v-monthermeju\\\/#article\",\"isPartOf\":{\"@id\":\"https:\\\/\\\/www.slovenciposvetu.eu\\\/sl\\\/2022\\\/09\\\/16\\\/novo-drustvo-v-monthermeju\\\/\"},\"author\":{\"name\":\"tajnistvo\",\"@id\":\"https:\\\/\\\/www.slovenciposvetu.eu\\\/sl\\\/#\\\/schema\\\/person\\\/88f6395d2eb76c44f5fb89bcbbb7cddb\"},\"headline\":\"Novo dru\u0161tvo v Montherm\u00e9ju\",\"datePublished\":\"2022-09-16T09:13:31+00:00\",\"dateModified\":\"2022-09-16T12:28:52+00:00\",\"mainEntityOfPage\":{\"@id\":\"https:\\\/\\\/www.slovenciposvetu.eu\\\/sl\\\/2022\\\/09\\\/16\\\/novo-drustvo-v-monthermeju\\\/\"},\"wordCount\":116,\"image\":{\"@id\":\"https:\\\/\\\/www.slovenciposvetu.eu\\\/sl\\\/2022\\\/09\\\/16\\\/novo-drustvo-v-monthermeju\\\/#primaryimage\"},\"thumbnailUrl\":\"https:\\\/\\\/www.slovenciposvetu.eu\\\/wp-content\\\/uploads\\\/2022\\\/09\\\/IMG_0038-1024x768.jpeg\",\"articleSection\":[\"News\"],\"inLanguage\":\"sl-SI\"},{\"@type\":\"WebPage\",\"@id\":\"https:\\\/\\\/www.slovenciposvetu.eu\\\/sl\\\/2022\\\/09\\\/16\\\/novo-drustvo-v-monthermeju\\\/\",\"url\":\"https:\\\/\\\/www.slovenciposvetu.eu\\\/sl\\\/2022\\\/09\\\/16\\\/novo-drustvo-v-monthermeju\\\/\",\"name\":\"Novo dru\u0161tvo v Montherm\u00e9ju - Slovenciposvetu\",\"isPartOf\":{\"@id\":\"https:\\\/\\\/www.slovenciposvetu.eu\\\/sl\\\/#website\"},\"primaryImageOfPage\":{\"@id\":\"https:\\\/\\\/www.slovenciposvetu.eu\\\/sl\\\/2022\\\/09\\\/16\\\/novo-drustvo-v-monthermeju\\\/#primaryimage\"},\"image\":{\"@id\":\"https:\\\/\\\/www.slovenciposvetu.eu\\\/sl\\\/2022\\\/09\\\/16\\\/novo-drustvo-v-monthermeju\\\/#primaryimage\"},\"thumbnailUrl\":\"https:\\\/\\\/www.slovenciposvetu.eu\\\/wp-content\\\/uploads\\\/2022\\\/09\\\/IMG_0038-1024x768.jpeg\",\"datePublished\":\"2022-09-16T09:13:31+00:00\",\"dateModified\":\"2022-09-16T12:28:52+00:00\",\"author\":{\"@id\":\"https:\\\/\\\/www.slovenciposvetu.eu\\\/sl\\\/#\\\/schema\\\/person\\\/88f6395d2eb76c44f5fb89bcbbb7cddb\"},\"description\":\"V Montherm\u00e9ju, v francoskih Ardenih, je preteklega 18. junija uradno za\u017eivelo novo dru\u0161tvo Zveze slovenskih izseljencev iz Furlanije Julijske krajine, to je dru\u0161tvo Charleville-M\u00e9zi\u00e8res. Obojestranska navezanost in prijateljske vezi z na\u0161imi rojaki in njihovimi potomci v Franciji so od nekdaj \u010dvrste, zato smo si za\u017eeleli, da bi na\u0161o prisotnost v tem delu Francije utrdili tudi organzacijsko. Tako je pri\u0161lo do ustanovitve dru\u0161tva \u201cSlovenci po svetu - Charleville-M\u00e9zi\u00e8res\u201d. Ta dogodek smo pospremili tudi s prikazom kulinari\u010dnih dobrot. Prisr\u010dna hvala gre novope\u010denemu predsedniku dru\u0161tva C\u00e9dricu Jagielskemu in seveda vsem \u010dlanom upravnega odbora novonastalega dru\u0161tva.\",\"breadcrumb\":{\"@id\":\"https:\\\/\\\/www.slovenciposvetu.eu\\\/sl\\\/2022\\\/09\\\/16\\\/novo-drustvo-v-monthermeju\\\/#breadcrumb\"},\"inLanguage\":\"sl-SI\",\"potentialAction\":[{\"@type\":\"ReadAction\",\"target\":[\"https:\\\/\\\/www.slovenciposvetu.eu\\\/sl\\\/2022\\\/09\\\/16\\\/novo-drustvo-v-monthermeju\\\/\"]}]},{\"@type\":\"ImageObject\",\"inLanguage\":\"sl-SI\",\"@id\":\"https:\\\/\\\/www.slovenciposvetu.eu\\\/sl\\\/2022\\\/09\\\/16\\\/novo-drustvo-v-monthermeju\\\/#primaryimage\",\"url\":\"https:\\\/\\\/www.slovenciposvetu.eu\\\/wp-content\\\/uploads\\\/2022\\\/09\\\/IMG_0038-1024x768.jpeg\",\"contentUrl\":\"https:\\\/\\\/www.slovenciposvetu.eu\\\/wp-content\\\/uploads\\\/2022\\\/09\\\/IMG_0038-1024x768.jpeg\"},{\"@type\":\"BreadcrumbList\",\"@id\":\"https:\\\/\\\/www.slovenciposvetu.eu\\\/sl\\\/2022\\\/09\\\/16\\\/novo-drustvo-v-monthermeju\\\/#breadcrumb\",\"itemListElement\":[{\"@type\":\"ListItem\",\"position\":1,\"name\":\"Home\",\"item\":\"https:\\\/\\\/www.slovenciposvetu.eu\\\/sl\\\/\"},{\"@type\":\"ListItem\",\"position\":2,\"name\":\"Novo dru\u0161tvo v Montherm\u00e9ju\"}]},{\"@type\":\"WebSite\",\"@id\":\"https:\\\/\\\/www.slovenciposvetu.eu\\\/sl\\\/#website\",\"url\":\"https:\\\/\\\/www.slovenciposvetu.eu\\\/sl\\\/\",\"name\":\"Slovenciposvetu\",\"description\":\"\",\"potentialAction\":[{\"@type\":\"SearchAction\",\"target\":{\"@type\":\"EntryPoint\",\"urlTemplate\":\"https:\\\/\\\/www.slovenciposvetu.eu\\\/sl\\\/?s={search_term_string}\"},\"query-input\":{\"@type\":\"PropertyValueSpecification\",\"valueRequired\":true,\"valueName\":\"search_term_string\"}}],\"inLanguage\":\"sl-SI\"},{\"@type\":\"Person\",\"@id\":\"https:\\\/\\\/www.slovenciposvetu.eu\\\/sl\\\/#\\\/schema\\\/person\\\/88f6395d2eb76c44f5fb89bcbbb7cddb\",\"name\":\"tajnistvo\"}]}<\/script>\n<!-- \/ Yoast SEO plugin. -->","yoast_head_json":{"title":"Novo dru\u0161tvo v Montherm\u00e9ju - Slovenciposvetu","description":"V Montherm\u00e9ju, v francoskih Ardenih, je preteklega 18. junija uradno za\u017eivelo novo dru\u0161tvo Zveze slovenskih izseljencev iz Furlanije Julijske krajine, to je dru\u0161tvo Charleville-M\u00e9zi\u00e8res. Obojestranska navezanost in prijateljske vezi z na\u0161imi rojaki in njihovimi potomci v Franciji so od nekdaj \u010dvrste, zato smo si za\u017eeleli, da bi na\u0161o prisotnost v tem delu Francije utrdili tudi organzacijsko. Tako je pri\u0161lo do ustanovitve dru\u0161tva \u201cSlovenci po svetu - Charleville-M\u00e9zi\u00e8res\u201d. Ta dogodek smo pospremili tudi s prikazom kulinari\u010dnih dobrot. Prisr\u010dna hvala gre novope\u010denemu predsedniku dru\u0161tva C\u00e9dricu Jagielskemu in seveda vsem \u010dlanom upravnega odbora novonastalega dru\u0161tva.","robots":{"index":"index","follow":"follow","max-snippet":"max-snippet:-1","max-image-preview":"max-image-preview:large","max-video-preview":"max-video-preview:-1"},"canonical":"https:\/\/www.slovenciposvetu.eu\/sl\/2022\/09\/16\/novo-drustvo-v-monthermeju\/","og_locale":"sl_SI","og_type":"article","og_title":"Novo dru\u0161tvo v Montherm\u00e9ju - Slovenciposvetu","og_description":"V Montherm\u00e9ju, v francoskih Ardenih, je preteklega 18. junija uradno za\u017eivelo novo dru\u0161tvo Zveze slovenskih izseljencev iz Furlanije Julijske krajine, to je dru\u0161tvo Charleville-M\u00e9zi\u00e8res. Obojestranska navezanost in prijateljske vezi z na\u0161imi rojaki in njihovimi potomci v Franciji so od nekdaj \u010dvrste, zato smo si za\u017eeleli, da bi na\u0161o prisotnost v tem delu Francije utrdili tudi organzacijsko. Tako je pri\u0161lo do ustanovitve dru\u0161tva \u201cSlovenci po svetu - Charleville-M\u00e9zi\u00e8res\u201d. Ta dogodek smo pospremili tudi s prikazom kulinari\u010dnih dobrot. Prisr\u010dna hvala gre novope\u010denemu predsedniku dru\u0161tva C\u00e9dricu Jagielskemu in seveda vsem \u010dlanom upravnega odbora novonastalega dru\u0161tva.","og_url":"https:\/\/www.slovenciposvetu.eu\/sl\/2022\/09\/16\/novo-drustvo-v-monthermeju\/","og_site_name":"Slovenciposvetu","article_published_time":"2022-09-16T09:13:31+00:00","article_modified_time":"2022-09-16T12:28:52+00:00","og_image":[{"url":"https:\/\/www.slovenciposvetu.eu\/wp-content\/uploads\/2022\/09\/IMG_0038-1024x768.jpeg","type":"","width":"","height":""}],"author":"tajnistvo","twitter_card":"summary_large_image","twitter_misc":{"Written by":"tajnistvo","Est. reading time":"1 minute"},"schema":{"@context":"https:\/\/schema.org","@graph":[{"@type":"Article","@id":"https:\/\/www.slovenciposvetu.eu\/sl\/2022\/09\/16\/novo-drustvo-v-monthermeju\/#article","isPartOf":{"@id":"https:\/\/www.slovenciposvetu.eu\/sl\/2022\/09\/16\/novo-drustvo-v-monthermeju\/"},"author":{"name":"tajnistvo","@id":"https:\/\/www.slovenciposvetu.eu\/sl\/#\/schema\/person\/88f6395d2eb76c44f5fb89bcbbb7cddb"},"headline":"Novo dru\u0161tvo v Montherm\u00e9ju","datePublished":"2022-09-16T09:13:31+00:00","dateModified":"2022-09-16T12:28:52+00:00","mainEntityOfPage":{"@id":"https:\/\/www.slovenciposvetu.eu\/sl\/2022\/09\/16\/novo-drustvo-v-monthermeju\/"},"wordCount":116,"image":{"@id":"https:\/\/www.slovenciposvetu.eu\/sl\/2022\/09\/16\/novo-drustvo-v-monthermeju\/#primaryimage"},"thumbnailUrl":"https:\/\/www.slovenciposvetu.eu\/wp-content\/uploads\/2022\/09\/IMG_0038-1024x768.jpeg","articleSection":["News"],"inLanguage":"sl-SI"},{"@type":"WebPage","@id":"https:\/\/www.slovenciposvetu.eu\/sl\/2022\/09\/16\/novo-drustvo-v-monthermeju\/","url":"https:\/\/www.slovenciposvetu.eu\/sl\/2022\/09\/16\/novo-drustvo-v-monthermeju\/","name":"Novo dru\u0161tvo v Montherm\u00e9ju - Slovenciposvetu","isPartOf":{"@id":"https:\/\/www.slovenciposvetu.eu\/sl\/#website"},"primaryImageOfPage":{"@id":"https:\/\/www.slovenciposvetu.eu\/sl\/2022\/09\/16\/novo-drustvo-v-monthermeju\/#primaryimage"},"image":{"@id":"https:\/\/www.slovenciposvetu.eu\/sl\/2022\/09\/16\/novo-drustvo-v-monthermeju\/#primaryimage"},"thumbnailUrl":"https:\/\/www.slovenciposvetu.eu\/wp-content\/uploads\/2022\/09\/IMG_0038-1024x768.jpeg","datePublished":"2022-09-16T09:13:31+00:00","dateModified":"2022-09-16T12:28:52+00:00","author":{"@id":"https:\/\/www.slovenciposvetu.eu\/sl\/#\/schema\/person\/88f6395d2eb76c44f5fb89bcbbb7cddb"},"description":"V Montherm\u00e9ju, v francoskih Ardenih, je preteklega 18. junija uradno za\u017eivelo novo dru\u0161tvo Zveze slovenskih izseljencev iz Furlanije Julijske krajine, to je dru\u0161tvo Charleville-M\u00e9zi\u00e8res. Obojestranska navezanost in prijateljske vezi z na\u0161imi rojaki in njihovimi potomci v Franciji so od nekdaj \u010dvrste, zato smo si za\u017eeleli, da bi na\u0161o prisotnost v tem delu Francije utrdili tudi organzacijsko. Tako je pri\u0161lo do ustanovitve dru\u0161tva \u201cSlovenci po svetu - Charleville-M\u00e9zi\u00e8res\u201d. Ta dogodek smo pospremili tudi s prikazom kulinari\u010dnih dobrot. Prisr\u010dna hvala gre novope\u010denemu predsedniku dru\u0161tva C\u00e9dricu Jagielskemu in seveda vsem \u010dlanom upravnega odbora novonastalega dru\u0161tva.","breadcrumb":{"@id":"https:\/\/www.slovenciposvetu.eu\/sl\/2022\/09\/16\/novo-drustvo-v-monthermeju\/#breadcrumb"},"inLanguage":"sl-SI","potentialAction":[{"@type":"ReadAction","target":["https:\/\/www.slovenciposvetu.eu\/sl\/2022\/09\/16\/novo-drustvo-v-monthermeju\/"]}]},{"@type":"ImageObject","inLanguage":"sl-SI","@id":"https:\/\/www.slovenciposvetu.eu\/sl\/2022\/09\/16\/novo-drustvo-v-monthermeju\/#primaryimage","url":"https:\/\/www.slovenciposvetu.eu\/wp-content\/uploads\/2022\/09\/IMG_0038-1024x768.jpeg","contentUrl":"https:\/\/www.slovenciposvetu.eu\/wp-content\/uploads\/2022\/09\/IMG_0038-1024x768.jpeg"},{"@type":"BreadcrumbList","@id":"https:\/\/www.slovenciposvetu.eu\/sl\/2022\/09\/16\/novo-drustvo-v-monthermeju\/#breadcrumb","itemListElement":[{"@type":"ListItem","position":1,"name":"Home","item":"https:\/\/www.slovenciposvetu.eu\/sl\/"},{"@type":"ListItem","position":2,"name":"Novo dru\u0161tvo v Montherm\u00e9ju"}]},{"@type":"WebSite","@id":"https:\/\/www.slovenciposvetu.eu\/sl\/#website","url":"https:\/\/www.slovenciposvetu.eu\/sl\/","name":"Slovenciposvetu","description":"","potentialAction":[{"@type":"SearchAction","target":{"@type":"EntryPoint","urlTemplate":"https:\/\/www.slovenciposvetu.eu\/sl\/?s={search_term_string}"},"query-input":{"@type":"PropertyValueSpecification","valueRequired":true,"valueName":"search_term_string"}}],"inLanguage":"sl-SI"},{"@type":"Person","@id":"https:\/\/www.slovenciposvetu.eu\/sl\/#\/schema\/person\/88f6395d2eb76c44f5fb89bcbbb7cddb","name":"tajnistvo"}]}},"_links":{"self":[{"href":"https:\/\/www.slovenciposvetu.eu\/sl\/wp-json\/wp\/v2\/posts\/3756","targetHints":{"allow":["GET"]}}],"collection":[{"href":"https:\/\/www.slovenciposvetu.eu\/sl\/wp-json\/wp\/v2\/posts"}],"about":[{"href":"https:\/\/www.slovenciposvetu.eu\/sl\/wp-json\/wp\/v2\/types\/post"}],"author":[{"embeddable":true,"href":"https:\/\/www.slovenciposvetu.eu\/sl\/wp-json\/wp\/v2\/users\/2"}],"replies":[{"embeddable":true,"href":"https:\/\/www.slovenciposvetu.eu\/sl\/wp-json\/wp\/v2\/comments?post=3756"}],"version-history":[{"count":13,"href":"https:\/\/www.slovenciposvetu.eu\/sl\/wp-json\/wp\/v2\/posts\/3756\/revisions"}],"predecessor-version":[{"id":3784,"href":"https:\/\/www.slovenciposvetu.eu\/sl\/wp-json\/wp\/v2\/posts\/3756\/revisions\/3784"}],"wp:attachment":[{"href":"https:\/\/www.slovenciposvetu.eu\/sl\/wp-json\/wp\/v2\/media?parent=3756"}],"wp:term":[{"taxonomy":"category","embeddable":true,"href":"https:\/\/www.slovenciposvetu.eu\/sl\/wp-json\/wp\/v2\/categories?post=3756"},{"taxonomy":"post_tag","embeddable":true,"href":"https:\/\/www.slovenciposvetu.eu\/sl\/wp-json\/wp\/v2\/tags?post=3756"}],"curies":[{"name":"wp","href":"https:\/\/api.w.org\/{rel}","templated":true}]}}