{"id":3787,"date":"2022-09-16T15:23:27","date_gmt":"2022-09-16T13:23:27","guid":{"rendered":"https:\/\/www.slovenciposvetu.eu\/?p=3787"},"modified":"2022-09-16T15:35:47","modified_gmt":"2022-09-16T13:35:47","slug":"odkrivajmo-nase-korenine-2022","status":"publish","type":"post","link":"https:\/\/www.slovenciposvetu.eu\/sl\/2022\/09\/16\/odkrivajmo-nase-korenine-2022\/","title":{"rendered":"Odkrivajmo na\u0161e korenine 2022"},"content":{"rendered":"\t\t<div data-elementor-type=\"wp-post\" data-elementor-id=\"3787\" class=\"elementor elementor-3787 elementor-3786\">\n\t\t\t\t\t\t\t\t\t<section class=\"elementor-section elementor-top-section elementor-element elementor-element-52a4b26 elementor-section-boxed elementor-section-height-default elementor-section-height-default\" data-id=\"52a4b26\" data-element_type=\"section\">\n\t\t\t\t\t\t<div class=\"elementor-container elementor-column-gap-default\">\n\t\t\t\t\t<div class=\"elementor-column elementor-col-100 elementor-top-column elementor-element elementor-element-2eca0ab\" data-id=\"2eca0ab\" data-element_type=\"column\">\n\t\t\t<div class=\"elementor-widget-wrap elementor-element-populated\">\n\t\t\t\t\t\t\t\t<div class=\"elementor-element elementor-element-306a98b elementor-widget elementor-widget-text-editor\" data-id=\"306a98b\" data-element_type=\"widget\" data-widget_type=\"text-editor.default\">\n\t\t\t\t<div class=\"elementor-widget-container\">\n\t\t\t<style>\/*! elementor - v3.10.2 - 29-01-2023 *\/\n.elementor-widget-text-editor.elementor-drop-cap-view-stacked .elementor-drop-cap{background-color:#818a91;color:#fff}.elementor-widget-text-editor.elementor-drop-cap-view-framed .elementor-drop-cap{color:#818a91;border:3px solid;background-color:transparent}.elementor-widget-text-editor:not(.elementor-drop-cap-view-default) .elementor-drop-cap{margin-top:8px}.elementor-widget-text-editor:not(.elementor-drop-cap-view-default) .elementor-drop-cap-letter{width:1em;height:1em}.elementor-widget-text-editor .elementor-drop-cap{float:left;text-align:center;line-height:1;font-size:50px}.elementor-widget-text-editor .elementor-drop-cap-letter{display:inline-block}<\/style>\t\t\t\tOd 14. do 25. julija 2022 je potekala \u017ee tradicionalna pobuda \u201cObisk mladih\u201d v okviru de\u017eelnega kulturnega projekta \u201cOdkrivajmo na\u0161e korenine\u201d. Na\u0161e zdru\u017eenje je gostilo sedem mladih potomcev izseljencev, \u0161tiri \u010dlane dru\u0161tev Zveze slovenskih izseljencev \u2013 Slovenci po svetu, in tri \u010dlane sorodnega furlanskega zdru\u017eenja Friuli nel Mondo. To je dokaz, da je nekdanja lo\u010devanja med jezikovsnimi skupnostmi v na\u0161i de\u017eeli in v tujini z dobro voljo zlahka premostiti.\r\n\r\nBogat program je udele\u017eencem \u201cobiska\u201d nudil prilo\u017enost bolje spoznati zgodovino in zna\u010dilnosti dolin, iz katerih izvirajo. Obiskali so najpomembnej\u0161e kraje in muzeje v de\u017eeli. Okusili so seveda lahko tudi kulinari\u010dne specialitete. V dvorani De\u017eelnega sveta v Trstu jih je sprejel predsednik de\u017eelnega parlamenta Piero Mauro Zanin in odbornik za izseljence iz de\u017eele FJk, ki \u017eivijo po svetu.\t\t\t\t\t\t<\/div>\n\t\t\t\t<\/div>\n\t\t\t\t\t<\/div>\n\t\t<\/div>\n\t\t\t\t\t\t\t<\/div>\n\t\t<\/section>\n\t\t\t\t<section class=\"elementor-section elementor-top-section elementor-element elementor-element-2368dda elementor-section-boxed elementor-section-height-default elementor-section-height-default\" data-id=\"2368dda\" data-element_type=\"section\">\n\t\t\t\t\t\t<div class=\"elementor-container elementor-column-gap-default\">\n\t\t\t\t\t<div class=\"elementor-column elementor-col-33 elementor-top-column elementor-element elementor-element-98d0138\" data-id=\"98d0138\" data-element_type=\"column\">\n\t\t\t<div class=\"elementor-widget-wrap elementor-element-populated\">\n\t\t\t\t\t\t\t\t<div class=\"elementor-element elementor-element-2641759 elementor-widget elementor-widget-image\" data-id=\"2641759\" data-element_type=\"widget\" data-widget_type=\"image.default\">\n\t\t\t\t<div class=\"elementor-widget-container\">\n\t\t\t<style>\/*! elementor - v3.10.2 - 29-01-2023 *\/\n.elementor-widget-image{text-align:center}.elementor-widget-image a{display:inline-block}.elementor-widget-image a img[src$=\".svg\"]{width:48px}.elementor-widget-image img{vertical-align:middle;display:inline-block}<\/style>\t\t\t\t\t\t\t\t\t\t\t\t<img loading=\"lazy\" decoding=\"async\" width=\"1024\" height=\"768\" src=\"https:\/\/www.slovenciposvetu.eu\/wp-content\/uploads\/2022\/09\/IMG_0086-1024x768.jpeg\" class=\"attachment-large size-large wp-image-3748\" alt=\"\" srcset=\"https:\/\/www.slovenciposvetu.eu\/wp-content\/uploads\/2022\/09\/IMG_0086-1024x768.jpeg 1024w, https:\/\/www.slovenciposvetu.eu\/wp-content\/uploads\/2022\/09\/IMG_0086-300x225.jpeg 300w, https:\/\/www.slovenciposvetu.eu\/wp-content\/uploads\/2022\/09\/IMG_0086-768x576.jpeg 768w, https:\/\/www.slovenciposvetu.eu\/wp-content\/uploads\/2022\/09\/IMG_0086-1536x1152.jpeg 1536w, https:\/\/www.slovenciposvetu.eu\/wp-content\/uploads\/2022\/09\/IMG_0086.jpeg 2048w\" sizes=\"auto, (max-width: 1024px) 100vw, 1024px\" \/>\t\t\t\t\t\t\t\t\t\t\t\t\t\t\t<\/div>\n\t\t\t\t<\/div>\n\t\t\t\t\t<\/div>\n\t\t<\/div>\n\t\t\t\t<div class=\"elementor-column elementor-col-33 elementor-top-column elementor-element elementor-element-ee1cf18\" data-id=\"ee1cf18\" data-element_type=\"column\">\n\t\t\t<div class=\"elementor-widget-wrap elementor-element-populated\">\n\t\t\t\t\t\t\t\t<div class=\"elementor-element elementor-element-44929ac elementor-widget elementor-widget-image\" data-id=\"44929ac\" data-element_type=\"widget\" data-widget_type=\"image.default\">\n\t\t\t\t<div class=\"elementor-widget-container\">\n\t\t\t\t\t\t\t\t\t\t\t\t\t\t\t<img loading=\"lazy\" decoding=\"async\" width=\"1024\" height=\"769\" src=\"https:\/\/www.slovenciposvetu.eu\/wp-content\/uploads\/2022\/09\/PHOTO-2022-07-28-11-15-29-3.jpg\" class=\"attachment-large size-large wp-image-3754\" alt=\"\" srcset=\"https:\/\/www.slovenciposvetu.eu\/wp-content\/uploads\/2022\/09\/PHOTO-2022-07-28-11-15-29-3.jpg 1024w, https:\/\/www.slovenciposvetu.eu\/wp-content\/uploads\/2022\/09\/PHOTO-2022-07-28-11-15-29-3-300x225.jpg 300w, https:\/\/www.slovenciposvetu.eu\/wp-content\/uploads\/2022\/09\/PHOTO-2022-07-28-11-15-29-3-768x577.jpg 768w\" sizes=\"auto, (max-width: 1024px) 100vw, 1024px\" \/>\t\t\t\t\t\t\t\t\t\t\t\t\t\t\t<\/div>\n\t\t\t\t<\/div>\n\t\t\t\t\t<\/div>\n\t\t<\/div>\n\t\t\t\t<div class=\"elementor-column elementor-col-33 elementor-top-column elementor-element elementor-element-16b58c9\" data-id=\"16b58c9\" data-element_type=\"column\">\n\t\t\t<div class=\"elementor-widget-wrap elementor-element-populated\">\n\t\t\t\t\t\t\t\t<div class=\"elementor-element elementor-element-c8b1214 elementor-widget elementor-widget-image\" data-id=\"c8b1214\" data-element_type=\"widget\" data-widget_type=\"image.default\">\n\t\t\t\t<div class=\"elementor-widget-container\">\n\t\t\t\t\t\t\t\t\t\t\t\t\t\t\t<img loading=\"lazy\" decoding=\"async\" width=\"1024\" height=\"768\" src=\"https:\/\/www.slovenciposvetu.eu\/wp-content\/uploads\/2022\/09\/IMG_0104-1024x768.jpeg\" class=\"attachment-large size-large wp-image-3751\" alt=\"\" srcset=\"https:\/\/www.slovenciposvetu.eu\/wp-content\/uploads\/2022\/09\/IMG_0104-1024x768.jpeg 1024w, https:\/\/www.slovenciposvetu.eu\/wp-content\/uploads\/2022\/09\/IMG_0104-300x225.jpeg 300w, https:\/\/www.slovenciposvetu.eu\/wp-content\/uploads\/2022\/09\/IMG_0104-768x576.jpeg 768w, https:\/\/www.slovenciposvetu.eu\/wp-content\/uploads\/2022\/09\/IMG_0104-1536x1152.jpeg 1536w, https:\/\/www.slovenciposvetu.eu\/wp-content\/uploads\/2022\/09\/IMG_0104.jpeg 2048w\" sizes=\"auto, (max-width: 1024px) 100vw, 1024px\" \/>\t\t\t\t\t\t\t\t\t\t\t\t\t\t\t<\/div>\n\t\t\t\t<\/div>\n\t\t\t\t\t<\/div>\n\t\t<\/div>\n\t\t\t\t\t\t\t<\/div>\n\t\t<\/section>\n\t\t\t\t<section class=\"elementor-section elementor-top-section elementor-element elementor-element-55ff024 elementor-section-boxed elementor-section-height-default elementor-section-height-default\" data-id=\"55ff024\" data-element_type=\"section\">\n\t\t\t\t\t\t<div class=\"elementor-container elementor-column-gap-default\">\n\t\t\t\t\t<div class=\"elementor-column elementor-col-33 elementor-top-column elementor-element elementor-element-f8c385e\" data-id=\"f8c385e\" data-element_type=\"column\">\n\t\t\t<div class=\"elementor-widget-wrap elementor-element-populated\">\n\t\t\t\t\t\t\t\t<div class=\"elementor-element elementor-element-99a9689 elementor-widget elementor-widget-spacer\" data-id=\"99a9689\" data-element_type=\"widget\" data-widget_type=\"spacer.default\">\n\t\t\t\t<div class=\"elementor-widget-container\">\n\t\t\t<style>\/*! elementor - v3.10.2 - 29-01-2023 *\/\n.elementor-column .elementor-spacer-inner{height:var(--spacer-size)}.e-con{--container-widget-width:100%}.e-con-inner>.elementor-widget-spacer,.e-con>.elementor-widget-spacer{width:var(--container-widget-width,var(--spacer-size));--align-self:var(--container-widget-align-self,initial);--flex-shrink:0}.e-con-inner>.elementor-widget-spacer>.elementor-widget-container,.e-con-inner>.elementor-widget-spacer>.elementor-widget-container>.elementor-spacer,.e-con>.elementor-widget-spacer>.elementor-widget-container,.e-con>.elementor-widget-spacer>.elementor-widget-container>.elementor-spacer{height:100%}.e-con-inner>.elementor-widget-spacer>.elementor-widget-container>.elementor-spacer>.elementor-spacer-inner,.e-con>.elementor-widget-spacer>.elementor-widget-container>.elementor-spacer>.elementor-spacer-inner{height:var(--container-widget-height,var(--spacer-size))}<\/style>\t\t<div class=\"elementor-spacer\">\n\t\t\t<div class=\"elementor-spacer-inner\"><\/div>\n\t\t<\/div>\n\t\t\t\t<\/div>\n\t\t\t\t<\/div>\n\t\t\t\t<div class=\"elementor-element elementor-element-f96c865 elementor-widget elementor-widget-image\" data-id=\"f96c865\" data-element_type=\"widget\" data-widget_type=\"image.default\">\n\t\t\t\t<div class=\"elementor-widget-container\">\n\t\t\t\t\t\t\t\t\t\t\t\t\t\t\t<img loading=\"lazy\" decoding=\"async\" width=\"1024\" height=\"768\" src=\"https:\/\/www.slovenciposvetu.eu\/wp-content\/uploads\/2022\/09\/IMG_0096-1024x768.jpeg\" class=\"attachment-large size-large wp-image-3795\" alt=\"\" srcset=\"https:\/\/www.slovenciposvetu.eu\/wp-content\/uploads\/2022\/09\/IMG_0096-1024x768.jpeg 1024w, https:\/\/www.slovenciposvetu.eu\/wp-content\/uploads\/2022\/09\/IMG_0096-300x225.jpeg 300w, https:\/\/www.slovenciposvetu.eu\/wp-content\/uploads\/2022\/09\/IMG_0096-768x576.jpeg 768w, https:\/\/www.slovenciposvetu.eu\/wp-content\/uploads\/2022\/09\/IMG_0096-1536x1152.jpeg 1536w, https:\/\/www.slovenciposvetu.eu\/wp-content\/uploads\/2022\/09\/IMG_0096.jpeg 2048w\" sizes=\"auto, (max-width: 1024px) 100vw, 1024px\" \/>\t\t\t\t\t\t\t\t\t\t\t\t\t\t\t<\/div>\n\t\t\t\t<\/div>\n\t\t\t\t\t<\/div>\n\t\t<\/div>\n\t\t\t\t<div class=\"elementor-column elementor-col-33 elementor-top-column elementor-element elementor-element-79656c7\" data-id=\"79656c7\" data-element_type=\"column\">\n\t\t\t<div class=\"elementor-widget-wrap elementor-element-populated\">\n\t\t\t\t\t\t\t\t<div class=\"elementor-element elementor-element-9be93c4 elementor-widget elementor-widget-spacer\" data-id=\"9be93c4\" data-element_type=\"widget\" data-widget_type=\"spacer.default\">\n\t\t\t\t<div class=\"elementor-widget-container\">\n\t\t\t\t\t<div class=\"elementor-spacer\">\n\t\t\t<div class=\"elementor-spacer-inner\"><\/div>\n\t\t<\/div>\n\t\t\t\t<\/div>\n\t\t\t\t<\/div>\n\t\t\t\t<div class=\"elementor-element elementor-element-94bff46 elementor-widget elementor-widget-image\" data-id=\"94bff46\" data-element_type=\"widget\" data-widget_type=\"image.default\">\n\t\t\t\t<div class=\"elementor-widget-container\">\n\t\t\t\t\t\t\t\t\t\t\t\t\t\t\t<img loading=\"lazy\" decoding=\"async\" width=\"1024\" height=\"768\" src=\"https:\/\/www.slovenciposvetu.eu\/wp-content\/uploads\/2022\/09\/IMG_0091-1024x768.jpeg\" class=\"attachment-large size-large wp-image-3792\" alt=\"\" srcset=\"https:\/\/www.slovenciposvetu.eu\/wp-content\/uploads\/2022\/09\/IMG_0091-1024x768.jpeg 1024w, https:\/\/www.slovenciposvetu.eu\/wp-content\/uploads\/2022\/09\/IMG_0091-300x225.jpeg 300w, https:\/\/www.slovenciposvetu.eu\/wp-content\/uploads\/2022\/09\/IMG_0091-768x576.jpeg 768w, https:\/\/www.slovenciposvetu.eu\/wp-content\/uploads\/2022\/09\/IMG_0091-1536x1152.jpeg 1536w, https:\/\/www.slovenciposvetu.eu\/wp-content\/uploads\/2022\/09\/IMG_0091.jpeg 2048w\" sizes=\"auto, (max-width: 1024px) 100vw, 1024px\" \/>\t\t\t\t\t\t\t\t\t\t\t\t\t\t\t<\/div>\n\t\t\t\t<\/div>\n\t\t\t\t\t<\/div>\n\t\t<\/div>\n\t\t\t\t<div class=\"elementor-column elementor-col-33 elementor-top-column elementor-element elementor-element-90951ad\" data-id=\"90951ad\" data-element_type=\"column\">\n\t\t\t<div class=\"elementor-widget-wrap elementor-element-populated\">\n\t\t\t\t\t\t\t\t<div class=\"elementor-element elementor-element-800ed27 elementor-widget elementor-widget-spacer\" data-id=\"800ed27\" data-element_type=\"widget\" data-widget_type=\"spacer.default\">\n\t\t\t\t<div class=\"elementor-widget-container\">\n\t\t\t\t\t<div class=\"elementor-spacer\">\n\t\t\t<div class=\"elementor-spacer-inner\"><\/div>\n\t\t<\/div>\n\t\t\t\t<\/div>\n\t\t\t\t<\/div>\n\t\t\t\t<div class=\"elementor-element elementor-element-0414d0f elementor-widget elementor-widget-image\" data-id=\"0414d0f\" data-element_type=\"widget\" data-widget_type=\"image.default\">\n\t\t\t\t<div class=\"elementor-widget-container\">\n\t\t\t\t\t\t\t\t\t\t\t\t\t\t\t<img loading=\"lazy\" decoding=\"async\" width=\"1024\" height=\"768\" src=\"https:\/\/www.slovenciposvetu.eu\/wp-content\/uploads\/2022\/09\/PHOTO-2022-09-16-15-17-53.jpg\" class=\"attachment-large size-large wp-image-3804\" alt=\"\" srcset=\"https:\/\/www.slovenciposvetu.eu\/wp-content\/uploads\/2022\/09\/PHOTO-2022-09-16-15-17-53.jpg 1024w, https:\/\/www.slovenciposvetu.eu\/wp-content\/uploads\/2022\/09\/PHOTO-2022-09-16-15-17-53-300x225.jpg 300w, https:\/\/www.slovenciposvetu.eu\/wp-content\/uploads\/2022\/09\/PHOTO-2022-09-16-15-17-53-768x576.jpg 768w\" sizes=\"auto, (max-width: 1024px) 100vw, 1024px\" \/>\t\t\t\t\t\t\t\t\t\t\t\t\t\t\t<\/div>\n\t\t\t\t<\/div>\n\t\t\t\t<div class=\"elementor-element elementor-element-2aa0327 elementor-widget elementor-widget-spacer\" data-id=\"2aa0327\" data-element_type=\"widget\" data-widget_type=\"spacer.default\">\n\t\t\t\t<div class=\"elementor-widget-container\">\n\t\t\t\t\t<div class=\"elementor-spacer\">\n\t\t\t<div class=\"elementor-spacer-inner\"><\/div>\n\t\t<\/div>\n\t\t\t\t<\/div>\n\t\t\t\t<\/div>\n\t\t\t\t<div class=\"elementor-element elementor-element-253f05c elementor-widget elementor-widget-spacer\" data-id=\"253f05c\" data-element_type=\"widget\" data-widget_type=\"spacer.default\">\n\t\t\t\t<div class=\"elementor-widget-container\">\n\t\t\t\t\t<div class=\"elementor-spacer\">\n\t\t\t<div class=\"elementor-spacer-inner\"><\/div>\n\t\t<\/div>\n\t\t\t\t<\/div>\n\t\t\t\t<\/div>\n\t\t\t\t\t<\/div>\n\t\t<\/div>\n\t\t\t\t\t\t\t<\/div>\n\t\t<\/section>\n\t\t\t\t\t\t\t<\/div>\n\t\t","protected":false},"excerpt":{"rendered":"<p>Od 14. do 25. julija 2022 je potekala \u017ee tradicionalna pobuda \u201cObisk mladih\u201d v okviru de\u017eelnega kulturnega projekta \u201cOdkrivajmo na\u0161e korenine\u201d. Na\u0161e zdru\u017eenje je gostilo sedem mladih potomcev izseljencev, \u0161tiri \u010dlane dru\u0161tev Zveze slovenskih izseljencev \u2013 Slovenci po svetu, in tri \u010dlane sorodnega furlanskega zdru\u017eenja Friuli nel Mondo. To je dokaz, da je nekdanja lo\u010devanja med jezikovsnimi skupnostmi v na\u0161i de\u017eeli in v tujini z dobro voljo zlahka premostiti.<br \/>\nBogat program je udele\u017eencem \u201cobiska\u201d nudil prilo\u017enost bolje spoznati zgodovino in zna\u010dilnosti dolin, iz katerih izvirajo. Obiskali so najpomembnej\u0161e kraje in muzeje v de\u017eeli. Okusili so seveda lahko tudi kulinari\u010dne specialitete. V dvorani De\u017eelnega sveta v Trstu jih je sprejel predsednik de\u017eelnega parlamenta Piero Mauro Zanin in odbornik za izseljence iz de\u017eele FJk, ki \u017eivijo po svetu. <\/p>\n","protected":false},"author":2,"featured_media":0,"comment_status":"closed","ping_status":"closed","sticky":false,"template":"","format":"standard","meta":{"footnotes":""},"categories":[44],"tags":[],"class_list":["post-3787","post","type-post","status-publish","format-standard","hentry","category-news"],"yoast_head":"<!-- This site is optimized with the Yoast SEO plugin v27.4 - https:\/\/yoast.com\/product\/yoast-seo-wordpress\/ -->\n<title>Odkrivajmo na\u0161e korenine 2022 - Slovenciposvetu<\/title>\n<meta name=\"description\" content=\"Od 14. do 25. julija 2022 je potekala \u017ee tradicionalna pobuda \u201cObisk mladih\u201d v okviru de\u017eelnega kulturnega projekta \u201cOdkrivajmo na\u0161e korenine\u201d. Na\u0161e zdru\u017eenje je gostilo sedem mladih potomcev izseljencev, \u0161tiri \u010dlane dru\u0161tev Zveze slovenskih izseljencev \u2013 Slovenci po svetu, in tri \u010dlane sorodnega furlanskega zdru\u017eenja Friuli nel Mondo. To je dokaz, da je nekdanja lo\u010devanja med jezikovsnimi skupnostmi v na\u0161i de\u017eeli in v tujini z dobro voljo zlahka premostiti. Bogat program je udele\u017eencem \u201cobiska\u201d nudil prilo\u017enost bolje spoznati zgodovino in zna\u010dilnosti dolin, iz katerih izvirajo. Obiskali so najpomembnej\u0161e kraje in muzeje v de\u017eeli. Okusili so seveda lahko tudi kulinari\u010dne specialitete. V dvorani De\u017eelnega sveta v Trstu jih je sprejel predsednik de\u017eelnega parlamenta Piero Mauro Zanin in odbornik za izseljence iz de\u017eele FJk, ki \u017eivijo po svetu.\" \/>\n<meta name=\"robots\" content=\"index, follow, max-snippet:-1, max-image-preview:large, max-video-preview:-1\" \/>\n<link rel=\"canonical\" href=\"https:\/\/www.slovenciposvetu.eu\/sl\/2022\/09\/16\/odkrivajmo-nase-korenine-2022\/\" \/>\n<meta property=\"og:locale\" content=\"sl_SI\" \/>\n<meta property=\"og:type\" content=\"article\" \/>\n<meta property=\"og:title\" content=\"Odkrivajmo na\u0161e korenine 2022 - Slovenciposvetu\" \/>\n<meta property=\"og:description\" content=\"Od 14. do 25. julija 2022 je potekala \u017ee tradicionalna pobuda \u201cObisk mladih\u201d v okviru de\u017eelnega kulturnega projekta \u201cOdkrivajmo na\u0161e korenine\u201d. Na\u0161e zdru\u017eenje je gostilo sedem mladih potomcev izseljencev, \u0161tiri \u010dlane dru\u0161tev Zveze slovenskih izseljencev \u2013 Slovenci po svetu, in tri \u010dlane sorodnega furlanskega zdru\u017eenja Friuli nel Mondo. To je dokaz, da je nekdanja lo\u010devanja med jezikovsnimi skupnostmi v na\u0161i de\u017eeli in v tujini z dobro voljo zlahka premostiti. Bogat program je udele\u017eencem \u201cobiska\u201d nudil prilo\u017enost bolje spoznati zgodovino in zna\u010dilnosti dolin, iz katerih izvirajo. Obiskali so najpomembnej\u0161e kraje in muzeje v de\u017eeli. Okusili so seveda lahko tudi kulinari\u010dne specialitete. V dvorani De\u017eelnega sveta v Trstu jih je sprejel predsednik de\u017eelnega parlamenta Piero Mauro Zanin in odbornik za izseljence iz de\u017eele FJk, ki \u017eivijo po svetu.\" \/>\n<meta property=\"og:url\" content=\"https:\/\/www.slovenciposvetu.eu\/sl\/2022\/09\/16\/odkrivajmo-nase-korenine-2022\/\" \/>\n<meta property=\"og:site_name\" content=\"Slovenciposvetu\" \/>\n<meta property=\"article:published_time\" content=\"2022-09-16T13:23:27+00:00\" \/>\n<meta property=\"article:modified_time\" content=\"2022-09-16T13:35:47+00:00\" \/>\n<meta property=\"og:image\" content=\"https:\/\/www.slovenciposvetu.eu\/wp-content\/uploads\/2022\/09\/IMG_0086-1024x768.jpeg\" \/>\n<meta name=\"author\" content=\"tajnistvo\" \/>\n<meta name=\"twitter:card\" content=\"summary_large_image\" \/>\n<meta name=\"twitter:label1\" content=\"Written by\" \/>\n\t<meta name=\"twitter:data1\" content=\"tajnistvo\" \/>\n\t<meta name=\"twitter:label2\" content=\"Est. reading time\" \/>\n\t<meta name=\"twitter:data2\" content=\"2 minutes\" \/>\n<script type=\"application\/ld+json\" class=\"yoast-schema-graph\">{\"@context\":\"https:\\\/\\\/schema.org\",\"@graph\":[{\"@type\":\"Article\",\"@id\":\"https:\\\/\\\/www.slovenciposvetu.eu\\\/sl\\\/2022\\\/09\\\/16\\\/odkrivajmo-nase-korenine-2022\\\/#article\",\"isPartOf\":{\"@id\":\"https:\\\/\\\/www.slovenciposvetu.eu\\\/sl\\\/2022\\\/09\\\/16\\\/odkrivajmo-nase-korenine-2022\\\/\"},\"author\":{\"name\":\"tajnistvo\",\"@id\":\"https:\\\/\\\/www.slovenciposvetu.eu\\\/sl\\\/#\\\/schema\\\/person\\\/88f6395d2eb76c44f5fb89bcbbb7cddb\"},\"headline\":\"Odkrivajmo na\u0161e korenine 2022\",\"datePublished\":\"2022-09-16T13:23:27+00:00\",\"dateModified\":\"2022-09-16T13:35:47+00:00\",\"mainEntityOfPage\":{\"@id\":\"https:\\\/\\\/www.slovenciposvetu.eu\\\/sl\\\/2022\\\/09\\\/16\\\/odkrivajmo-nase-korenine-2022\\\/\"},\"wordCount\":144,\"image\":{\"@id\":\"https:\\\/\\\/www.slovenciposvetu.eu\\\/sl\\\/2022\\\/09\\\/16\\\/odkrivajmo-nase-korenine-2022\\\/#primaryimage\"},\"thumbnailUrl\":\"https:\\\/\\\/www.slovenciposvetu.eu\\\/wp-content\\\/uploads\\\/2022\\\/09\\\/IMG_0086-1024x768.jpeg\",\"articleSection\":[\"News\"],\"inLanguage\":\"sl-SI\"},{\"@type\":\"WebPage\",\"@id\":\"https:\\\/\\\/www.slovenciposvetu.eu\\\/sl\\\/2022\\\/09\\\/16\\\/odkrivajmo-nase-korenine-2022\\\/\",\"url\":\"https:\\\/\\\/www.slovenciposvetu.eu\\\/sl\\\/2022\\\/09\\\/16\\\/odkrivajmo-nase-korenine-2022\\\/\",\"name\":\"Odkrivajmo na\u0161e korenine 2022 - Slovenciposvetu\",\"isPartOf\":{\"@id\":\"https:\\\/\\\/www.slovenciposvetu.eu\\\/sl\\\/#website\"},\"primaryImageOfPage\":{\"@id\":\"https:\\\/\\\/www.slovenciposvetu.eu\\\/sl\\\/2022\\\/09\\\/16\\\/odkrivajmo-nase-korenine-2022\\\/#primaryimage\"},\"image\":{\"@id\":\"https:\\\/\\\/www.slovenciposvetu.eu\\\/sl\\\/2022\\\/09\\\/16\\\/odkrivajmo-nase-korenine-2022\\\/#primaryimage\"},\"thumbnailUrl\":\"https:\\\/\\\/www.slovenciposvetu.eu\\\/wp-content\\\/uploads\\\/2022\\\/09\\\/IMG_0086-1024x768.jpeg\",\"datePublished\":\"2022-09-16T13:23:27+00:00\",\"dateModified\":\"2022-09-16T13:35:47+00:00\",\"author\":{\"@id\":\"https:\\\/\\\/www.slovenciposvetu.eu\\\/sl\\\/#\\\/schema\\\/person\\\/88f6395d2eb76c44f5fb89bcbbb7cddb\"},\"description\":\"Od 14. do 25. julija 2022 je potekala \u017ee tradicionalna pobuda \u201cObisk mladih\u201d v okviru de\u017eelnega kulturnega projekta \u201cOdkrivajmo na\u0161e korenine\u201d. Na\u0161e zdru\u017eenje je gostilo sedem mladih potomcev izseljencev, \u0161tiri \u010dlane dru\u0161tev Zveze slovenskih izseljencev \u2013 Slovenci po svetu, in tri \u010dlane sorodnega furlanskega zdru\u017eenja Friuli nel Mondo. To je dokaz, da je nekdanja lo\u010devanja med jezikovsnimi skupnostmi v na\u0161i de\u017eeli in v tujini z dobro voljo zlahka premostiti. Bogat program je udele\u017eencem \u201cobiska\u201d nudil prilo\u017enost bolje spoznati zgodovino in zna\u010dilnosti dolin, iz katerih izvirajo. Obiskali so najpomembnej\u0161e kraje in muzeje v de\u017eeli. Okusili so seveda lahko tudi kulinari\u010dne specialitete. V dvorani De\u017eelnega sveta v Trstu jih je sprejel predsednik de\u017eelnega parlamenta Piero Mauro Zanin in odbornik za izseljence iz de\u017eele FJk, ki \u017eivijo po svetu.\",\"breadcrumb\":{\"@id\":\"https:\\\/\\\/www.slovenciposvetu.eu\\\/sl\\\/2022\\\/09\\\/16\\\/odkrivajmo-nase-korenine-2022\\\/#breadcrumb\"},\"inLanguage\":\"sl-SI\",\"potentialAction\":[{\"@type\":\"ReadAction\",\"target\":[\"https:\\\/\\\/www.slovenciposvetu.eu\\\/sl\\\/2022\\\/09\\\/16\\\/odkrivajmo-nase-korenine-2022\\\/\"]}]},{\"@type\":\"ImageObject\",\"inLanguage\":\"sl-SI\",\"@id\":\"https:\\\/\\\/www.slovenciposvetu.eu\\\/sl\\\/2022\\\/09\\\/16\\\/odkrivajmo-nase-korenine-2022\\\/#primaryimage\",\"url\":\"https:\\\/\\\/www.slovenciposvetu.eu\\\/wp-content\\\/uploads\\\/2022\\\/09\\\/IMG_0086-1024x768.jpeg\",\"contentUrl\":\"https:\\\/\\\/www.slovenciposvetu.eu\\\/wp-content\\\/uploads\\\/2022\\\/09\\\/IMG_0086-1024x768.jpeg\"},{\"@type\":\"BreadcrumbList\",\"@id\":\"https:\\\/\\\/www.slovenciposvetu.eu\\\/sl\\\/2022\\\/09\\\/16\\\/odkrivajmo-nase-korenine-2022\\\/#breadcrumb\",\"itemListElement\":[{\"@type\":\"ListItem\",\"position\":1,\"name\":\"Home\",\"item\":\"https:\\\/\\\/www.slovenciposvetu.eu\\\/sl\\\/\"},{\"@type\":\"ListItem\",\"position\":2,\"name\":\"Odkrivajmo na\u0161e korenine 2022\"}]},{\"@type\":\"WebSite\",\"@id\":\"https:\\\/\\\/www.slovenciposvetu.eu\\\/sl\\\/#website\",\"url\":\"https:\\\/\\\/www.slovenciposvetu.eu\\\/sl\\\/\",\"name\":\"Slovenciposvetu\",\"description\":\"\",\"potentialAction\":[{\"@type\":\"SearchAction\",\"target\":{\"@type\":\"EntryPoint\",\"urlTemplate\":\"https:\\\/\\\/www.slovenciposvetu.eu\\\/sl\\\/?s={search_term_string}\"},\"query-input\":{\"@type\":\"PropertyValueSpecification\",\"valueRequired\":true,\"valueName\":\"search_term_string\"}}],\"inLanguage\":\"sl-SI\"},{\"@type\":\"Person\",\"@id\":\"https:\\\/\\\/www.slovenciposvetu.eu\\\/sl\\\/#\\\/schema\\\/person\\\/88f6395d2eb76c44f5fb89bcbbb7cddb\",\"name\":\"tajnistvo\"}]}<\/script>\n<!-- \/ Yoast SEO plugin. -->","yoast_head_json":{"title":"Odkrivajmo na\u0161e korenine 2022 - Slovenciposvetu","description":"Od 14. do 25. julija 2022 je potekala \u017ee tradicionalna pobuda \u201cObisk mladih\u201d v okviru de\u017eelnega kulturnega projekta \u201cOdkrivajmo na\u0161e korenine\u201d. Na\u0161e zdru\u017eenje je gostilo sedem mladih potomcev izseljencev, \u0161tiri \u010dlane dru\u0161tev Zveze slovenskih izseljencev \u2013 Slovenci po svetu, in tri \u010dlane sorodnega furlanskega zdru\u017eenja Friuli nel Mondo. To je dokaz, da je nekdanja lo\u010devanja med jezikovsnimi skupnostmi v na\u0161i de\u017eeli in v tujini z dobro voljo zlahka premostiti. Bogat program je udele\u017eencem \u201cobiska\u201d nudil prilo\u017enost bolje spoznati zgodovino in zna\u010dilnosti dolin, iz katerih izvirajo. Obiskali so najpomembnej\u0161e kraje in muzeje v de\u017eeli. Okusili so seveda lahko tudi kulinari\u010dne specialitete. V dvorani De\u017eelnega sveta v Trstu jih je sprejel predsednik de\u017eelnega parlamenta Piero Mauro Zanin in odbornik za izseljence iz de\u017eele FJk, ki \u017eivijo po svetu.","robots":{"index":"index","follow":"follow","max-snippet":"max-snippet:-1","max-image-preview":"max-image-preview:large","max-video-preview":"max-video-preview:-1"},"canonical":"https:\/\/www.slovenciposvetu.eu\/sl\/2022\/09\/16\/odkrivajmo-nase-korenine-2022\/","og_locale":"sl_SI","og_type":"article","og_title":"Odkrivajmo na\u0161e korenine 2022 - Slovenciposvetu","og_description":"Od 14. do 25. julija 2022 je potekala \u017ee tradicionalna pobuda \u201cObisk mladih\u201d v okviru de\u017eelnega kulturnega projekta \u201cOdkrivajmo na\u0161e korenine\u201d. Na\u0161e zdru\u017eenje je gostilo sedem mladih potomcev izseljencev, \u0161tiri \u010dlane dru\u0161tev Zveze slovenskih izseljencev \u2013 Slovenci po svetu, in tri \u010dlane sorodnega furlanskega zdru\u017eenja Friuli nel Mondo. To je dokaz, da je nekdanja lo\u010devanja med jezikovsnimi skupnostmi v na\u0161i de\u017eeli in v tujini z dobro voljo zlahka premostiti. Bogat program je udele\u017eencem \u201cobiska\u201d nudil prilo\u017enost bolje spoznati zgodovino in zna\u010dilnosti dolin, iz katerih izvirajo. Obiskali so najpomembnej\u0161e kraje in muzeje v de\u017eeli. Okusili so seveda lahko tudi kulinari\u010dne specialitete. V dvorani De\u017eelnega sveta v Trstu jih je sprejel predsednik de\u017eelnega parlamenta Piero Mauro Zanin in odbornik za izseljence iz de\u017eele FJk, ki \u017eivijo po svetu.","og_url":"https:\/\/www.slovenciposvetu.eu\/sl\/2022\/09\/16\/odkrivajmo-nase-korenine-2022\/","og_site_name":"Slovenciposvetu","article_published_time":"2022-09-16T13:23:27+00:00","article_modified_time":"2022-09-16T13:35:47+00:00","og_image":[{"url":"https:\/\/www.slovenciposvetu.eu\/wp-content\/uploads\/2022\/09\/IMG_0086-1024x768.jpeg","type":"","width":"","height":""}],"author":"tajnistvo","twitter_card":"summary_large_image","twitter_misc":{"Written by":"tajnistvo","Est. reading time":"2 minutes"},"schema":{"@context":"https:\/\/schema.org","@graph":[{"@type":"Article","@id":"https:\/\/www.slovenciposvetu.eu\/sl\/2022\/09\/16\/odkrivajmo-nase-korenine-2022\/#article","isPartOf":{"@id":"https:\/\/www.slovenciposvetu.eu\/sl\/2022\/09\/16\/odkrivajmo-nase-korenine-2022\/"},"author":{"name":"tajnistvo","@id":"https:\/\/www.slovenciposvetu.eu\/sl\/#\/schema\/person\/88f6395d2eb76c44f5fb89bcbbb7cddb"},"headline":"Odkrivajmo na\u0161e korenine 2022","datePublished":"2022-09-16T13:23:27+00:00","dateModified":"2022-09-16T13:35:47+00:00","mainEntityOfPage":{"@id":"https:\/\/www.slovenciposvetu.eu\/sl\/2022\/09\/16\/odkrivajmo-nase-korenine-2022\/"},"wordCount":144,"image":{"@id":"https:\/\/www.slovenciposvetu.eu\/sl\/2022\/09\/16\/odkrivajmo-nase-korenine-2022\/#primaryimage"},"thumbnailUrl":"https:\/\/www.slovenciposvetu.eu\/wp-content\/uploads\/2022\/09\/IMG_0086-1024x768.jpeg","articleSection":["News"],"inLanguage":"sl-SI"},{"@type":"WebPage","@id":"https:\/\/www.slovenciposvetu.eu\/sl\/2022\/09\/16\/odkrivajmo-nase-korenine-2022\/","url":"https:\/\/www.slovenciposvetu.eu\/sl\/2022\/09\/16\/odkrivajmo-nase-korenine-2022\/","name":"Odkrivajmo na\u0161e korenine 2022 - Slovenciposvetu","isPartOf":{"@id":"https:\/\/www.slovenciposvetu.eu\/sl\/#website"},"primaryImageOfPage":{"@id":"https:\/\/www.slovenciposvetu.eu\/sl\/2022\/09\/16\/odkrivajmo-nase-korenine-2022\/#primaryimage"},"image":{"@id":"https:\/\/www.slovenciposvetu.eu\/sl\/2022\/09\/16\/odkrivajmo-nase-korenine-2022\/#primaryimage"},"thumbnailUrl":"https:\/\/www.slovenciposvetu.eu\/wp-content\/uploads\/2022\/09\/IMG_0086-1024x768.jpeg","datePublished":"2022-09-16T13:23:27+00:00","dateModified":"2022-09-16T13:35:47+00:00","author":{"@id":"https:\/\/www.slovenciposvetu.eu\/sl\/#\/schema\/person\/88f6395d2eb76c44f5fb89bcbbb7cddb"},"description":"Od 14. do 25. julija 2022 je potekala \u017ee tradicionalna pobuda \u201cObisk mladih\u201d v okviru de\u017eelnega kulturnega projekta \u201cOdkrivajmo na\u0161e korenine\u201d. Na\u0161e zdru\u017eenje je gostilo sedem mladih potomcev izseljencev, \u0161tiri \u010dlane dru\u0161tev Zveze slovenskih izseljencev \u2013 Slovenci po svetu, in tri \u010dlane sorodnega furlanskega zdru\u017eenja Friuli nel Mondo. To je dokaz, da je nekdanja lo\u010devanja med jezikovsnimi skupnostmi v na\u0161i de\u017eeli in v tujini z dobro voljo zlahka premostiti. Bogat program je udele\u017eencem \u201cobiska\u201d nudil prilo\u017enost bolje spoznati zgodovino in zna\u010dilnosti dolin, iz katerih izvirajo. Obiskali so najpomembnej\u0161e kraje in muzeje v de\u017eeli. Okusili so seveda lahko tudi kulinari\u010dne specialitete. V dvorani De\u017eelnega sveta v Trstu jih je sprejel predsednik de\u017eelnega parlamenta Piero Mauro Zanin in odbornik za izseljence iz de\u017eele FJk, ki \u017eivijo po svetu.","breadcrumb":{"@id":"https:\/\/www.slovenciposvetu.eu\/sl\/2022\/09\/16\/odkrivajmo-nase-korenine-2022\/#breadcrumb"},"inLanguage":"sl-SI","potentialAction":[{"@type":"ReadAction","target":["https:\/\/www.slovenciposvetu.eu\/sl\/2022\/09\/16\/odkrivajmo-nase-korenine-2022\/"]}]},{"@type":"ImageObject","inLanguage":"sl-SI","@id":"https:\/\/www.slovenciposvetu.eu\/sl\/2022\/09\/16\/odkrivajmo-nase-korenine-2022\/#primaryimage","url":"https:\/\/www.slovenciposvetu.eu\/wp-content\/uploads\/2022\/09\/IMG_0086-1024x768.jpeg","contentUrl":"https:\/\/www.slovenciposvetu.eu\/wp-content\/uploads\/2022\/09\/IMG_0086-1024x768.jpeg"},{"@type":"BreadcrumbList","@id":"https:\/\/www.slovenciposvetu.eu\/sl\/2022\/09\/16\/odkrivajmo-nase-korenine-2022\/#breadcrumb","itemListElement":[{"@type":"ListItem","position":1,"name":"Home","item":"https:\/\/www.slovenciposvetu.eu\/sl\/"},{"@type":"ListItem","position":2,"name":"Odkrivajmo na\u0161e korenine 2022"}]},{"@type":"WebSite","@id":"https:\/\/www.slovenciposvetu.eu\/sl\/#website","url":"https:\/\/www.slovenciposvetu.eu\/sl\/","name":"Slovenciposvetu","description":"","potentialAction":[{"@type":"SearchAction","target":{"@type":"EntryPoint","urlTemplate":"https:\/\/www.slovenciposvetu.eu\/sl\/?s={search_term_string}"},"query-input":{"@type":"PropertyValueSpecification","valueRequired":true,"valueName":"search_term_string"}}],"inLanguage":"sl-SI"},{"@type":"Person","@id":"https:\/\/www.slovenciposvetu.eu\/sl\/#\/schema\/person\/88f6395d2eb76c44f5fb89bcbbb7cddb","name":"tajnistvo"}]}},"_links":{"self":[{"href":"https:\/\/www.slovenciposvetu.eu\/sl\/wp-json\/wp\/v2\/posts\/3787","targetHints":{"allow":["GET"]}}],"collection":[{"href":"https:\/\/www.slovenciposvetu.eu\/sl\/wp-json\/wp\/v2\/posts"}],"about":[{"href":"https:\/\/www.slovenciposvetu.eu\/sl\/wp-json\/wp\/v2\/types\/post"}],"author":[{"embeddable":true,"href":"https:\/\/www.slovenciposvetu.eu\/sl\/wp-json\/wp\/v2\/users\/2"}],"replies":[{"embeddable":true,"href":"https:\/\/www.slovenciposvetu.eu\/sl\/wp-json\/wp\/v2\/comments?post=3787"}],"version-history":[{"count":4,"href":"https:\/\/www.slovenciposvetu.eu\/sl\/wp-json\/wp\/v2\/posts\/3787\/revisions"}],"predecessor-version":[{"id":3810,"href":"https:\/\/www.slovenciposvetu.eu\/sl\/wp-json\/wp\/v2\/posts\/3787\/revisions\/3810"}],"wp:attachment":[{"href":"https:\/\/www.slovenciposvetu.eu\/sl\/wp-json\/wp\/v2\/media?parent=3787"}],"wp:term":[{"taxonomy":"category","embeddable":true,"href":"https:\/\/www.slovenciposvetu.eu\/sl\/wp-json\/wp\/v2\/categories?post=3787"},{"taxonomy":"post_tag","embeddable":true,"href":"https:\/\/www.slovenciposvetu.eu\/sl\/wp-json\/wp\/v2\/tags?post=3787"}],"curies":[{"name":"wp","href":"https:\/\/api.w.org\/{rel}","templated":true}]}}